{"id":99789,"date":"2023-02-03T14:46:22","date_gmt":"2023-02-03T17:46:22","guid":{"rendered":"https:\/\/redenoticiaz.com.br\/barretos-regiao\/?p=99789"},"modified":"2023-02-03T14:46:22","modified_gmt":"2023-02-03T17:46:22","slug":"carnaguaira-2023-anuncia-programacao-com-tema-eu-amo-folia","status":"publish","type":"post","link":"https:\/\/redenoticiaz.com.br\/ribeiraopreto-regiao\/sp\/2023\/02\/03\/carnaguaira-2023-anuncia-programacao-com-tema-eu-amo-folia","title":{"rendered":"CarnaGua\u00edra 2023 anuncia programa\u00e7\u00e3o com tema &#8220;Eu Amo Folia&#8221;"},"content":{"rendered":"<p class=\"v1MsoNormal\">Ap\u00f3s dois anos sem sua realiza\u00e7\u00e3o, devido \u00e0 pandemia do novo coronav\u00edrus, o famoso carnaval de rua de Gua\u00edra est\u00e1 de volta! A prefeitura do munic\u00edpio anunciou o CarnaGua\u00edra 2023, com o tema &#8220;Eu Amo Folia&#8221;, que ocorrer\u00e1 de 17 a 21 de fevereiro, na Rua 10, em frente \u00e0 Casa de Cultura, com os port\u00f5es abertos para todos.<\/p>\n<p class=\"v1MsoNormal\">O governo municipal j\u00e1 est\u00e1 com os preparativos a todo vapor, a fim de proporcionar uma festa do Rei Momo com muita m\u00fasica, anima\u00e7\u00e3o e seguran\u00e7a, tudo para o conforto e alegria do guairense e de turistas de toda a regi\u00e3o. O local ser\u00e1 cercado e coberto, contando com grande estrutura, com banheiros qu\u00edmicos, monitoramento e barracas para os ambulantes.<\/p>\n<p class=\"v1MsoNormal\">Ser\u00e3o cinco noites e duas matin\u00eas (domingo e ter\u00e7a-feira), para que toda a fam\u00edlia aproveite os dias de folia. Em breve, a prefeitura anunciar\u00e1 a grade de shows, com os hor\u00e1rios, para que todos possam se preparar para a festa.<\/p>\n<p class=\"v1MsoNormal\">VEJA TAMB\u00c9M:\u00a0<a href=\"https:\/\/redenoticiaz.com.br\/barretos-regiao\/sp\/2023\/02\/03\/ataques-em-brasilia-suspeito-em-bebedouro-e-alvo-de-buscas-pela-4a-fase-da-operacao-lesa-patria\">Ataques em Bras\u00edlia: suspeito em Bebedouro \u00e9 alvo de buscas pela 4\u00aa fase da Opera\u00e7\u00e3o Lesa P\u00e1tria<\/a><\/p>\n","protected":false},"excerpt":{"rendered":"<p>Ap\u00f3s dois anos sem sua realiza\u00e7\u00e3o, devido \u00e0 pandemia do novo coronav\u00edrus, o famoso carnaval de rua de Gua\u00edra est\u00e1 de volta! A prefeitura do munic\u00edpio anunciou o CarnaGua\u00edra 2023, com o tema &#8220;Eu Amo Folia&#8221;, que ocorrer\u00e1 de 17 a 21 de fevereiro, na Rua 10, em frente \u00e0 Casa de Cultura, com os &hellip;<\/p>\n","protected":false},"author":15,"featured_media":99790,"comment_status":"open","ping_status":"closed","sticky":false,"template":"","format":"standard","meta":{"footnotes":""},"categories":[815],"tags":[24534,18551,24535,3174,24537,24536],"class_list":["post-99789","post","type-post","status-publish","format-standard","has-post-thumbnail","hentry","category-cultura-e-musica","tag-carnaguaira","tag-carnaval-de-rua","tag-eu-amo-folia","tag-guaira","tag-matines","tag-programacao-de-carnaval"],"yoast_head":"<!-- This site is optimized with the Yoast SEO plugin v28.4 - https:\/\/yoast.com\/product\/yoast-seo-wordpress\/ -->\n<title>CarnaGua\u00edra 2023 anuncia programa\u00e7\u00e3o com tema &#8220;Eu Amo Folia&#8221; - Ribeir\u00e3o Preto e Regi\u00e3o<\/title>\n<meta name=\"description\" content=\"Ap\u00f3s dois anos sem sua realiza\u00e7\u00e3o, devido \u00e0 pandemia do novo coronav\u00edrus, o famoso carnaval de rua de Gua\u00edra est\u00e1 de volta!\" \/>\n<meta name=\"robots\" content=\"index, follow, max-snippet:-1, max-image-preview:large, max-video-preview:-1\" \/>\n<link rel=\"canonical\" href=\"https:\/\/redenoticiaz.com.br\/ribeiraopreto-regiao\/sp\/2023\/02\/03\/carnaguaira-2023-anuncia-programacao-com-tema-eu-amo-folia\" \/>\n<meta property=\"og:locale\" content=\"pt_BR\" \/>\n<meta property=\"og:type\" content=\"article\" \/>\n<meta property=\"og:title\" content=\"CarnaGua\u00edra 2023 anuncia programa\u00e7\u00e3o com tema &#8220;Eu Amo Folia&#8221; - Ribeir\u00e3o Preto e Regi\u00e3o\" \/>\n<meta property=\"og:description\" content=\"Ap\u00f3s dois anos sem sua realiza\u00e7\u00e3o, devido \u00e0 pandemia do novo coronav\u00edrus, o famoso carnaval de rua de Gua\u00edra est\u00e1 de volta!\" \/>\n<meta property=\"og:url\" content=\"https:\/\/redenoticiaz.com.br\/ribeiraopreto-regiao\/sp\/2023\/02\/03\/carnaguaira-2023-anuncia-programacao-com-tema-eu-amo-folia\" \/>\n<meta property=\"og:site_name\" content=\"Ribeir\u00e3o Preto e Regi\u00e3o\" \/>\n<meta property=\"article:publisher\" content=\"https:\/\/m.facebook.com\/redenoticiaz.barretos\" \/>\n<meta property=\"article:published_time\" content=\"2023-02-03T17:46:22+00:00\" \/>\n<meta property=\"og:image\" content=\"https:\/\/redenoticiaz.com.br\/ribeiraopreto-regiao\/wp-content\/uploads\/sites\/4\/2023\/02\/guaira-sp.jpg\" \/>\n\t<meta property=\"og:image:width\" content=\"1316\" \/>\n\t<meta property=\"og:image:height\" content=\"678\" \/>\n\t<meta property=\"og:image:type\" content=\"image\/jpeg\" \/>\n<meta name=\"twitter:card\" content=\"summary_large_image\" \/>\n<meta name=\"twitter:creator\" content=\"@RN_barretos\" \/>\n<meta name=\"twitter:site\" content=\"@RN_barretos\" \/>\n<meta name=\"twitter:label1\" content=\"Escrito por\" \/>\n\t<meta name=\"twitter:data1\" content=\"\" \/>\n\t<meta name=\"twitter:label2\" content=\"Est. tempo de leitura\" \/>\n\t<meta name=\"twitter:data2\" content=\"1 minuto\" \/>\n<script type=\"application\/ld+json\" class=\"yoast-schema-graph\">{\"@context\":\"https:\\\/\\\/schema.org\",\"@graph\":[{\"@type\":\"Article\",\"@id\":\"https:\\\/\\\/redenoticiaz.com.br\\\/ribeiraopreto-regiao\\\/sp\\\/2023\\\/02\\\/03\\\/carnaguaira-2023-anuncia-programacao-com-tema-eu-amo-folia#article\",\"isPartOf\":{\"@id\":\"https:\\\/\\\/redenoticiaz.com.br\\\/ribeiraopreto-regiao\\\/sp\\\/2023\\\/02\\\/03\\\/carnaguaira-2023-anuncia-programacao-com-tema-eu-amo-folia\"},\"author\":{\"name\":\"\",\"@id\":\"\"},\"headline\":\"CarnaGua\u00edra 2023 anuncia programa\u00e7\u00e3o com tema &#8220;Eu Amo Folia&#8221;\",\"datePublished\":\"2023-02-03T17:46:22+00:00\",\"mainEntityOfPage\":{\"@id\":\"https:\\\/\\\/redenoticiaz.com.br\\\/ribeiraopreto-regiao\\\/sp\\\/2023\\\/02\\\/03\\\/carnaguaira-2023-anuncia-programacao-com-tema-eu-amo-folia\"},\"wordCount\":201,\"commentCount\":0,\"publisher\":{\"@id\":\"https:\\\/\\\/redenoticiaz.com.br\\\/ribeiraopreto-regiao\\\/#organization\"},\"image\":{\"@id\":\"https:\\\/\\\/redenoticiaz.com.br\\\/ribeiraopreto-regiao\\\/sp\\\/2023\\\/02\\\/03\\\/carnaguaira-2023-anuncia-programacao-com-tema-eu-amo-folia#primaryimage\"},\"thumbnailUrl\":\"https:\\\/\\\/redenoticiaz.com.br\\\/ribeiraopreto-regiao\\\/wp-content\\\/uploads\\\/sites\\\/4\\\/2023\\\/02\\\/guaira-sp.jpg\",\"keywords\":[\"CarnaGua\u00edra\",\"CARNAVAL DE RUA\",\"Eu Amo Folia\",\"GUA\u00cdRA\",\"matin\u00eas\",\"programa\u00e7\u00e3o de carnaval\"],\"articleSection\":[\"Cultura e M\u00fasica\"],\"inLanguage\":\"pt-BR\",\"potentialAction\":[{\"@type\":\"CommentAction\",\"name\":\"Comment\",\"target\":[\"https:\\\/\\\/redenoticiaz.com.br\\\/ribeiraopreto-regiao\\\/sp\\\/2023\\\/02\\\/03\\\/carnaguaira-2023-anuncia-programacao-com-tema-eu-amo-folia#respond\"]}]},{\"@type\":\"WebPage\",\"@id\":\"https:\\\/\\\/redenoticiaz.com.br\\\/ribeiraopreto-regiao\\\/sp\\\/2023\\\/02\\\/03\\\/carnaguaira-2023-anuncia-programacao-com-tema-eu-amo-folia\",\"url\":\"https:\\\/\\\/redenoticiaz.com.br\\\/ribeiraopreto-regiao\\\/sp\\\/2023\\\/02\\\/03\\\/carnaguaira-2023-anuncia-programacao-com-tema-eu-amo-folia\",\"name\":\"CarnaGua\u00edra 2023 anuncia programa\u00e7\u00e3o com tema &#8220;Eu Amo Folia&#8221; - Ribeir\u00e3o Preto e Regi\u00e3o\",\"isPartOf\":{\"@id\":\"https:\\\/\\\/redenoticiaz.com.br\\\/ribeiraopreto-regiao\\\/#website\"},\"primaryImageOfPage\":{\"@id\":\"https:\\\/\\\/redenoticiaz.com.br\\\/ribeiraopreto-regiao\\\/sp\\\/2023\\\/02\\\/03\\\/carnaguaira-2023-anuncia-programacao-com-tema-eu-amo-folia#primaryimage\"},\"image\":{\"@id\":\"https:\\\/\\\/redenoticiaz.com.br\\\/ribeiraopreto-regiao\\\/sp\\\/2023\\\/02\\\/03\\\/carnaguaira-2023-anuncia-programacao-com-tema-eu-amo-folia#primaryimage\"},\"thumbnailUrl\":\"https:\\\/\\\/redenoticiaz.com.br\\\/ribeiraopreto-regiao\\\/wp-content\\\/uploads\\\/sites\\\/4\\\/2023\\\/02\\\/guaira-sp.jpg\",\"datePublished\":\"2023-02-03T17:46:22+00:00\",\"description\":\"Ap\u00f3s dois anos sem sua realiza\u00e7\u00e3o, devido \u00e0 pandemia do novo coronav\u00edrus, o famoso carnaval de rua de Gua\u00edra est\u00e1 de volta!\",\"inLanguage\":\"pt-BR\",\"potentialAction\":[{\"@type\":\"ReadAction\",\"target\":[\"https:\\\/\\\/redenoticiaz.com.br\\\/ribeiraopreto-regiao\\\/sp\\\/2023\\\/02\\\/03\\\/carnaguaira-2023-anuncia-programacao-com-tema-eu-amo-folia\"]}]},{\"@type\":\"ImageObject\",\"inLanguage\":\"pt-BR\",\"@id\":\"https:\\\/\\\/redenoticiaz.com.br\\\/ribeiraopreto-regiao\\\/sp\\\/2023\\\/02\\\/03\\\/carnaguaira-2023-anuncia-programacao-com-tema-eu-amo-folia#primaryimage\",\"url\":\"https:\\\/\\\/redenoticiaz.com.br\\\/ribeiraopreto-regiao\\\/wp-content\\\/uploads\\\/sites\\\/4\\\/2023\\\/02\\\/guaira-sp.jpg\",\"contentUrl\":\"https:\\\/\\\/redenoticiaz.com.br\\\/ribeiraopreto-regiao\\\/wp-content\\\/uploads\\\/sites\\\/4\\\/2023\\\/02\\\/guaira-sp.jpg\",\"width\":1316,\"height\":678,\"caption\":\"CarnaGua\u00edra 2023 \\\"Eu Amo Folia\\\". Cr\u00e9dito: Divulga\u00e7\u00e3o\"},{\"@type\":\"WebSite\",\"@id\":\"https:\\\/\\\/redenoticiaz.com.br\\\/ribeiraopreto-regiao\\\/#website\",\"url\":\"https:\\\/\\\/redenoticiaz.com.br\\\/ribeiraopreto-regiao\\\/\",\"name\":\"Ribeir\u00e3o Preto e Regi\u00e3o\",\"description\":\"Rede NoticiaZ - Ribeir\u00e3o Preto e regi\u00e3o\",\"publisher\":{\"@id\":\"https:\\\/\\\/redenoticiaz.com.br\\\/ribeiraopreto-regiao\\\/#organization\"},\"potentialAction\":[{\"@type\":\"SearchAction\",\"target\":{\"@type\":\"EntryPoint\",\"urlTemplate\":\"https:\\\/\\\/redenoticiaz.com.br\\\/ribeiraopreto-regiao\\\/?s={search_term_string}\"},\"query-input\":{\"@type\":\"PropertyValueSpecification\",\"valueRequired\":true,\"valueName\":\"search_term_string\"}}],\"inLanguage\":\"pt-BR\"},{\"@type\":\"Organization\",\"@id\":\"https:\\\/\\\/redenoticiaz.com.br\\\/ribeiraopreto-regiao\\\/#organization\",\"name\":\"Ribeir\u00e3o Preto e Regi\u00e3o\",\"url\":\"https:\\\/\\\/redenoticiaz.com.br\\\/ribeiraopreto-regiao\\\/\",\"logo\":{\"@type\":\"ImageObject\",\"inLanguage\":\"pt-BR\",\"@id\":\"https:\\\/\\\/redenoticiaz.com.br\\\/ribeiraopreto-regiao\\\/#\\\/schema\\\/logo\\\/image\\\/\",\"url\":\"https:\\\/\\\/redenoticiaz.com.br\\\/barretos-regiao\\\/wp-content\\\/uploads\\\/sites\\\/4\\\/2022\\\/02\\\/logo.jpg\",\"contentUrl\":\"https:\\\/\\\/redenoticiaz.com.br\\\/barretos-regiao\\\/wp-content\\\/uploads\\\/sites\\\/4\\\/2022\\\/02\\\/logo.jpg\",\"width\":400,\"height\":250,\"caption\":\"Ribeir\u00e3o Preto e Regi\u00e3o\"},\"image\":{\"@id\":\"https:\\\/\\\/redenoticiaz.com.br\\\/ribeiraopreto-regiao\\\/#\\\/schema\\\/logo\\\/image\\\/\"},\"sameAs\":[\"https:\\\/\\\/m.facebook.com\\\/redenoticiaz.barretos\",\"https:\\\/\\\/x.com\\\/RN_barretos\",\"https:\\\/\\\/www.instagram.com\\\/redenoticiaz.barretos\\\/?igshid=YmMyMTA2M2Y\",\"https:\\\/\\\/www.linkedin.com\\\/company\\\/rede-noticiaz-barretos-e-regio\\\/\"]},{\"@type\":\"Person\",\"@id\":\"\",\"url\":\"https:\\\/\\\/redenoticiaz.com.br\\\/ribeiraopreto-regiao\\\/sp\\\/author\"}]}<\/script>\n<!-- \/ Yoast SEO plugin. -->","yoast_head_json":{"title":"CarnaGua\u00edra 2023 anuncia programa\u00e7\u00e3o com tema &#8220;Eu Amo Folia&#8221; - Ribeir\u00e3o Preto e Regi\u00e3o","description":"Ap\u00f3s dois anos sem sua realiza\u00e7\u00e3o, devido \u00e0 pandemia do novo coronav\u00edrus, o famoso carnaval de rua de Gua\u00edra est\u00e1 de volta!","robots":{"index":"index","follow":"follow","max-snippet":"max-snippet:-1","max-image-preview":"max-image-preview:large","max-video-preview":"max-video-preview:-1"},"canonical":"https:\/\/redenoticiaz.com.br\/ribeiraopreto-regiao\/sp\/2023\/02\/03\/carnaguaira-2023-anuncia-programacao-com-tema-eu-amo-folia","og_locale":"pt_BR","og_type":"article","og_title":"CarnaGua\u00edra 2023 anuncia programa\u00e7\u00e3o com tema &#8220;Eu Amo Folia&#8221; - Ribeir\u00e3o Preto e Regi\u00e3o","og_description":"Ap\u00f3s dois anos sem sua realiza\u00e7\u00e3o, devido \u00e0 pandemia do novo coronav\u00edrus, o famoso carnaval de rua de Gua\u00edra est\u00e1 de volta!","og_url":"https:\/\/redenoticiaz.com.br\/ribeiraopreto-regiao\/sp\/2023\/02\/03\/carnaguaira-2023-anuncia-programacao-com-tema-eu-amo-folia","og_site_name":"Ribeir\u00e3o Preto e Regi\u00e3o","article_publisher":"https:\/\/m.facebook.com\/redenoticiaz.barretos","article_published_time":"2023-02-03T17:46:22+00:00","og_image":[{"width":1316,"height":678,"url":"https:\/\/redenoticiaz.com.br\/ribeiraopreto-regiao\/wp-content\/uploads\/sites\/4\/2023\/02\/guaira-sp.jpg","type":"image\/jpeg"}],"twitter_card":"summary_large_image","twitter_creator":"@RN_barretos","twitter_site":"@RN_barretos","twitter_misc":{"Escrito por":"","Est. tempo de leitura":"1 minuto"},"schema":{"@context":"https:\/\/schema.org","@graph":[{"@type":"Article","@id":"https:\/\/redenoticiaz.com.br\/ribeiraopreto-regiao\/sp\/2023\/02\/03\/carnaguaira-2023-anuncia-programacao-com-tema-eu-amo-folia#article","isPartOf":{"@id":"https:\/\/redenoticiaz.com.br\/ribeiraopreto-regiao\/sp\/2023\/02\/03\/carnaguaira-2023-anuncia-programacao-com-tema-eu-amo-folia"},"author":{"name":"","@id":""},"headline":"CarnaGua\u00edra 2023 anuncia programa\u00e7\u00e3o com tema &#8220;Eu Amo Folia&#8221;","datePublished":"2023-02-03T17:46:22+00:00","mainEntityOfPage":{"@id":"https:\/\/redenoticiaz.com.br\/ribeiraopreto-regiao\/sp\/2023\/02\/03\/carnaguaira-2023-anuncia-programacao-com-tema-eu-amo-folia"},"wordCount":201,"commentCount":0,"publisher":{"@id":"https:\/\/redenoticiaz.com.br\/ribeiraopreto-regiao\/#organization"},"image":{"@id":"https:\/\/redenoticiaz.com.br\/ribeiraopreto-regiao\/sp\/2023\/02\/03\/carnaguaira-2023-anuncia-programacao-com-tema-eu-amo-folia#primaryimage"},"thumbnailUrl":"https:\/\/redenoticiaz.com.br\/ribeiraopreto-regiao\/wp-content\/uploads\/sites\/4\/2023\/02\/guaira-sp.jpg","keywords":["CarnaGua\u00edra","CARNAVAL DE RUA","Eu Amo Folia","GUA\u00cdRA","matin\u00eas","programa\u00e7\u00e3o de carnaval"],"articleSection":["Cultura e M\u00fasica"],"inLanguage":"pt-BR","potentialAction":[{"@type":"CommentAction","name":"Comment","target":["https:\/\/redenoticiaz.com.br\/ribeiraopreto-regiao\/sp\/2023\/02\/03\/carnaguaira-2023-anuncia-programacao-com-tema-eu-amo-folia#respond"]}]},{"@type":"WebPage","@id":"https:\/\/redenoticiaz.com.br\/ribeiraopreto-regiao\/sp\/2023\/02\/03\/carnaguaira-2023-anuncia-programacao-com-tema-eu-amo-folia","url":"https:\/\/redenoticiaz.com.br\/ribeiraopreto-regiao\/sp\/2023\/02\/03\/carnaguaira-2023-anuncia-programacao-com-tema-eu-amo-folia","name":"CarnaGua\u00edra 2023 anuncia programa\u00e7\u00e3o com tema &#8220;Eu Amo Folia&#8221; - Ribeir\u00e3o Preto e Regi\u00e3o","isPartOf":{"@id":"https:\/\/redenoticiaz.com.br\/ribeiraopreto-regiao\/#website"},"primaryImageOfPage":{"@id":"https:\/\/redenoticiaz.com.br\/ribeiraopreto-regiao\/sp\/2023\/02\/03\/carnaguaira-2023-anuncia-programacao-com-tema-eu-amo-folia#primaryimage"},"image":{"@id":"https:\/\/redenoticiaz.com.br\/ribeiraopreto-regiao\/sp\/2023\/02\/03\/carnaguaira-2023-anuncia-programacao-com-tema-eu-amo-folia#primaryimage"},"thumbnailUrl":"https:\/\/redenoticiaz.com.br\/ribeiraopreto-regiao\/wp-content\/uploads\/sites\/4\/2023\/02\/guaira-sp.jpg","datePublished":"2023-02-03T17:46:22+00:00","description":"Ap\u00f3s dois anos sem sua realiza\u00e7\u00e3o, devido \u00e0 pandemia do novo coronav\u00edrus, o famoso carnaval de rua de Gua\u00edra est\u00e1 de volta!","inLanguage":"pt-BR","potentialAction":[{"@type":"ReadAction","target":["https:\/\/redenoticiaz.com.br\/ribeiraopreto-regiao\/sp\/2023\/02\/03\/carnaguaira-2023-anuncia-programacao-com-tema-eu-amo-folia"]}]},{"@type":"ImageObject","inLanguage":"pt-BR","@id":"https:\/\/redenoticiaz.com.br\/ribeiraopreto-regiao\/sp\/2023\/02\/03\/carnaguaira-2023-anuncia-programacao-com-tema-eu-amo-folia#primaryimage","url":"https:\/\/redenoticiaz.com.br\/ribeiraopreto-regiao\/wp-content\/uploads\/sites\/4\/2023\/02\/guaira-sp.jpg","contentUrl":"https:\/\/redenoticiaz.com.br\/ribeiraopreto-regiao\/wp-content\/uploads\/sites\/4\/2023\/02\/guaira-sp.jpg","width":1316,"height":678,"caption":"CarnaGua\u00edra 2023 \"Eu Amo Folia\". Cr\u00e9dito: Divulga\u00e7\u00e3o"},{"@type":"WebSite","@id":"https:\/\/redenoticiaz.com.br\/ribeiraopreto-regiao\/#website","url":"https:\/\/redenoticiaz.com.br\/ribeiraopreto-regiao\/","name":"Ribeir\u00e3o Preto e Regi\u00e3o","description":"Rede NoticiaZ - Ribeir\u00e3o Preto e regi\u00e3o","publisher":{"@id":"https:\/\/redenoticiaz.com.br\/ribeiraopreto-regiao\/#organization"},"potentialAction":[{"@type":"SearchAction","target":{"@type":"EntryPoint","urlTemplate":"https:\/\/redenoticiaz.com.br\/ribeiraopreto-regiao\/?s={search_term_string}"},"query-input":{"@type":"PropertyValueSpecification","valueRequired":true,"valueName":"search_term_string"}}],"inLanguage":"pt-BR"},{"@type":"Organization","@id":"https:\/\/redenoticiaz.com.br\/ribeiraopreto-regiao\/#organization","name":"Ribeir\u00e3o Preto e Regi\u00e3o","url":"https:\/\/redenoticiaz.com.br\/ribeiraopreto-regiao\/","logo":{"@type":"ImageObject","inLanguage":"pt-BR","@id":"https:\/\/redenoticiaz.com.br\/ribeiraopreto-regiao\/#\/schema\/logo\/image\/","url":"https:\/\/redenoticiaz.com.br\/barretos-regiao\/wp-content\/uploads\/sites\/4\/2022\/02\/logo.jpg","contentUrl":"https:\/\/redenoticiaz.com.br\/barretos-regiao\/wp-content\/uploads\/sites\/4\/2022\/02\/logo.jpg","width":400,"height":250,"caption":"Ribeir\u00e3o Preto e Regi\u00e3o"},"image":{"@id":"https:\/\/redenoticiaz.com.br\/ribeiraopreto-regiao\/#\/schema\/logo\/image\/"},"sameAs":["https:\/\/m.facebook.com\/redenoticiaz.barretos","https:\/\/x.com\/RN_barretos","https:\/\/www.instagram.com\/redenoticiaz.barretos\/?igshid=YmMyMTA2M2Y","https:\/\/www.linkedin.com\/company\/rede-noticiaz-barretos-e-regio\/"]},{"@type":"Person","@id":"","url":"https:\/\/redenoticiaz.com.br\/ribeiraopreto-regiao\/sp\/author"}]}},"_links":{"self":[{"href":"https:\/\/redenoticiaz.com.br\/ribeiraopreto-regiao\/wp-json\/wp\/v2\/posts\/99789","targetHints":{"allow":["GET"]}}],"collection":[{"href":"https:\/\/redenoticiaz.com.br\/ribeiraopreto-regiao\/wp-json\/wp\/v2\/posts"}],"about":[{"href":"https:\/\/redenoticiaz.com.br\/ribeiraopreto-regiao\/wp-json\/wp\/v2\/types\/post"}],"author":[{"embeddable":true,"href":"https:\/\/redenoticiaz.com.br\/ribeiraopreto-regiao\/wp-json\/wp\/v2\/users\/15"}],"replies":[{"embeddable":true,"href":"https:\/\/redenoticiaz.com.br\/ribeiraopreto-regiao\/wp-json\/wp\/v2\/comments?post=99789"}],"version-history":[{"count":1,"href":"https:\/\/redenoticiaz.com.br\/ribeiraopreto-regiao\/wp-json\/wp\/v2\/posts\/99789\/revisions"}],"predecessor-version":[{"id":99791,"href":"https:\/\/redenoticiaz.com.br\/ribeiraopreto-regiao\/wp-json\/wp\/v2\/posts\/99789\/revisions\/99791"}],"wp:featuredmedia":[{"embeddable":true,"href":"https:\/\/redenoticiaz.com.br\/ribeiraopreto-regiao\/wp-json\/wp\/v2\/media\/99790"}],"wp:attachment":[{"href":"https:\/\/redenoticiaz.com.br\/ribeiraopreto-regiao\/wp-json\/wp\/v2\/media?parent=99789"}],"wp:term":[{"taxonomy":"category","embeddable":true,"href":"https:\/\/redenoticiaz.com.br\/ribeiraopreto-regiao\/wp-json\/wp\/v2\/categories?post=99789"},{"taxonomy":"post_tag","embeddable":true,"href":"https:\/\/redenoticiaz.com.br\/ribeiraopreto-regiao\/wp-json\/wp\/v2\/tags?post=99789"}],"curies":[{"name":"wp","href":"https:\/\/api.w.org\/{rel}","templated":true}]}}